{"id":85,"date":"2017-12-04T08:27:02","date_gmt":"2017-12-04T07:27:02","guid":{"rendered":"http:\/\/apelacolline.fr\/?p=85"},"modified":"2017-12-04T08:35:40","modified_gmt":"2017-12-04T07:35:40","slug":"les-sapins-de-noel","status":"publish","type":"post","link":"https:\/\/apelacolline.fr\/index.php\/2017\/12\/04\/les-sapins-de-noel\/","title":{"rendered":"Les sapins de No\u00ebl"},"content":{"rendered":"<p>Bonjour,<\/p>\n<p>Dimanche 3 D\u00e9cembre a lieu la premi\u00e8re journ\u00e9e pour venir choisir et couper votre sapin directement dans la plantation \u00e0 Arculinge.<\/p>\n<p>Pour ceux qui non pas renvoy\u00e9 leur bon de commande, vous pouvez encore nous le faire passer cette semaine, soit pour venir dimanche prochain ( 10 d\u00e9cembre ) \u00e0 la deuxi\u00e8me journ\u00e9e \u00e0 la plantation, soit pour aller sur la place de l&rsquo;\u00e9glise sous le chapiteau.<\/p>\n<p>Si vous avez le moindre soucis, pas re\u00e7u votre contremarque, etc\u2026,\u00a0n&rsquo;h\u00e9sitez pas \u00e0 nous contacter, nous serons sur place \u00e0 Arculinge.<\/p>\n<p>Bonne journ\u00e9e<\/p>\n<p><img loading=\"lazy\" decoding=\"async\" class=\"alignnone size-medium wp-image-88\" src=\"https:\/\/apelacolline.fr\/wp-content\/uploads\/2017\/12\/sapin-300x300.png\" alt=\"\" width=\"300\" height=\"300\" srcset=\"https:\/\/apelacolline.fr\/wp-content\/uploads\/2017\/12\/sapin-300x300.png 300w, https:\/\/apelacolline.fr\/wp-content\/uploads\/2017\/12\/sapin-150x150.png 150w, https:\/\/apelacolline.fr\/wp-content\/uploads\/2017\/12\/sapin-768x768.png 768w, https:\/\/apelacolline.fr\/wp-content\/uploads\/2017\/12\/sapin-1024x1024.png 1024w, https:\/\/apelacolline.fr\/wp-content\/uploads\/2017\/12\/sapin-1200x1200.png 1200w, https:\/\/apelacolline.fr\/wp-content\/uploads\/2017\/12\/sapin.png 2000w\" sizes=\"auto, (max-width: 300px) 85vw, 300px\" \/><\/p>\n","protected":false},"excerpt":{"rendered":"<p>Bonjour, Dimanche 3 D\u00e9cembre a lieu la premi\u00e8re journ\u00e9e pour venir choisir et couper votre sapin directement dans la plantation \u00e0 Arculinge. Pour ceux qui non pas renvoy\u00e9 leur bon de commande, vous pouvez encore nous le faire passer cette semaine, soit pour venir dimanche prochain ( 10 d\u00e9cembre ) \u00e0 la deuxi\u00e8me journ\u00e9e \u00e0 &hellip; <a href=\"https:\/\/apelacolline.fr\/index.php\/2017\/12\/04\/les-sapins-de-noel\/\" class=\"more-link\">Continuer la lecture<span class=\"screen-reader-text\"> de &laquo;&nbsp;Les sapins de No\u00ebl&nbsp;&raquo;<\/span><\/a><\/p>\n","protected":false},"author":1,"featured_media":0,"comment_status":"open","ping_status":"open","sticky":false,"template":"","format":"standard","meta":{"footnotes":""},"categories":[1],"tags":[],"class_list":["post-85","post","type-post","status-publish","format-standard","hentry","category-non-classe"],"_links":{"self":[{"href":"https:\/\/apelacolline.fr\/index.php\/wp-json\/wp\/v2\/posts\/85","targetHints":{"allow":["GET"]}}],"collection":[{"href":"https:\/\/apelacolline.fr\/index.php\/wp-json\/wp\/v2\/posts"}],"about":[{"href":"https:\/\/apelacolline.fr\/index.php\/wp-json\/wp\/v2\/types\/post"}],"author":[{"embeddable":true,"href":"https:\/\/apelacolline.fr\/index.php\/wp-json\/wp\/v2\/users\/1"}],"replies":[{"embeddable":true,"href":"https:\/\/apelacolline.fr\/index.php\/wp-json\/wp\/v2\/comments?post=85"}],"version-history":[{"count":3,"href":"https:\/\/apelacolline.fr\/index.php\/wp-json\/wp\/v2\/posts\/85\/revisions"}],"predecessor-version":[{"id":89,"href":"https:\/\/apelacolline.fr\/index.php\/wp-json\/wp\/v2\/posts\/85\/revisions\/89"}],"wp:attachment":[{"href":"https:\/\/apelacolline.fr\/index.php\/wp-json\/wp\/v2\/media?parent=85"}],"wp:term":[{"taxonomy":"category","embeddable":true,"href":"https:\/\/apelacolline.fr\/index.php\/wp-json\/wp\/v2\/categories?post=85"},{"taxonomy":"post_tag","embeddable":true,"href":"https:\/\/apelacolline.fr\/index.php\/wp-json\/wp\/v2\/tags?post=85"}],"curies":[{"name":"wp","href":"https:\/\/api.w.org\/{rel}","templated":true}]}}