{"id":674,"date":"2019-03-08T09:47:57","date_gmt":"2019-03-08T08:47:57","guid":{"rendered":"http:\/\/apelacolline.fr\/?p=674"},"modified":"2019-03-08T09:47:57","modified_gmt":"2019-03-08T08:47:57","slug":"carnaval-2019","status":"publish","type":"post","link":"https:\/\/apelacolline.fr\/index.php\/2019\/03\/08\/carnaval-2019\/","title":{"rendered":"Carnaval 2019."},"content":{"rendered":"\n<p>Les enfants se sont d\u00e9guis\u00e9s \u00e0 l&rsquo;occasion de mardi gras. <a href=\"https:\/\/apelacolline.fr\/index.php\/galerie-du-carnaval-2019\/\">Voici quelques photos.<\/a><\/p>\n","protected":false},"excerpt":{"rendered":"<p>Les enfants se sont d\u00e9guis\u00e9s \u00e0 l&rsquo;occasion de mardi gras. Voici quelques photos.<\/p>\n","protected":false},"author":1,"featured_media":0,"comment_status":"open","ping_status":"open","sticky":false,"template":"","format":"standard","meta":{"footnotes":""},"categories":[1],"tags":[],"class_list":["post-674","post","type-post","status-publish","format-standard","hentry","category-non-classe"],"_links":{"self":[{"href":"https:\/\/apelacolline.fr\/index.php\/wp-json\/wp\/v2\/posts\/674","targetHints":{"allow":["GET"]}}],"collection":[{"href":"https:\/\/apelacolline.fr\/index.php\/wp-json\/wp\/v2\/posts"}],"about":[{"href":"https:\/\/apelacolline.fr\/index.php\/wp-json\/wp\/v2\/types\/post"}],"author":[{"embeddable":true,"href":"https:\/\/apelacolline.fr\/index.php\/wp-json\/wp\/v2\/users\/1"}],"replies":[{"embeddable":true,"href":"https:\/\/apelacolline.fr\/index.php\/wp-json\/wp\/v2\/comments?post=674"}],"version-history":[{"count":2,"href":"https:\/\/apelacolline.fr\/index.php\/wp-json\/wp\/v2\/posts\/674\/revisions"}],"predecessor-version":[{"id":679,"href":"https:\/\/apelacolline.fr\/index.php\/wp-json\/wp\/v2\/posts\/674\/revisions\/679"}],"wp:attachment":[{"href":"https:\/\/apelacolline.fr\/index.php\/wp-json\/wp\/v2\/media?parent=674"}],"wp:term":[{"taxonomy":"category","embeddable":true,"href":"https:\/\/apelacolline.fr\/index.php\/wp-json\/wp\/v2\/categories?post=674"},{"taxonomy":"post_tag","embeddable":true,"href":"https:\/\/apelacolline.fr\/index.php\/wp-json\/wp\/v2\/tags?post=674"}],"curies":[{"name":"wp","href":"https:\/\/api.w.org\/{rel}","templated":true}]}}