{"id":44,"date":"2017-10-31T15:25:59","date_gmt":"2017-10-31T14:25:59","guid":{"rendered":"http:\/\/apelacolline.fr\/?p=44"},"modified":"2017-12-01T14:26:24","modified_gmt":"2017-12-01T13:26:24","slug":"2eme-article","status":"publish","type":"post","link":"https:\/\/apelacolline.fr\/index.php\/2017\/10\/31\/2eme-article\/","title":{"rendered":"La journ\u00e9e des petits chefs s&rsquo;est tr\u00e8s bien pass\u00e9e !"},"content":{"rendered":"<p><img loading=\"lazy\" decoding=\"async\" class=\"alignnone size-medium wp-image-5\" src=\"https:\/\/apelacolline.fr\/wp-content\/uploads\/2017\/10\/sandwich-300x180.jpg\" alt=\"\" width=\"300\" height=\"180\" srcset=\"https:\/\/apelacolline.fr\/wp-content\/uploads\/2017\/10\/sandwich-300x180.jpg 300w, https:\/\/apelacolline.fr\/wp-content\/uploads\/2017\/10\/sandwich-768x461.jpg 768w, https:\/\/apelacolline.fr\/wp-content\/uploads\/2017\/10\/sandwich-1024x614.jpg 1024w, https:\/\/apelacolline.fr\/wp-content\/uploads\/2017\/10\/sandwich.jpg 2000w\" sizes=\"auto, (max-width: 300px) 85vw, 300px\" \/><\/p>\n<p>Bonjour \u00e0 tous,<\/p>\n<p>La journ\u00e9e des petits chefs a \u00e9t\u00e9 un tr\u00e8s bon moment, qui a permis de nous rencontrer dans un cadre festif et convivial.<\/p>\n<p>Merci \u00e0 tous pour votre participation, et en particulier \u00e0 tous ceux qui nous ont apport\u00e9 leur aide.<\/p>\n<p><span style=\"font-size: 1rem;\">Voici les recettes que les enfants ont pu tester.<\/span><\/p>\n<p>7 ateliers (3 sal\u00e9s\u00a0&#8211; 3 sucr\u00e9s et 1 sucr\u00e9\/sal\u00e9) .<\/p>\n<p>Sucr\u00e9\/sal\u00e9.<\/p>\n<p>1. Croque Monsieur (fait avec un appareil \u00e0 Croque Monsieur, donc, cuits directement par les parents de l&rsquo;atelier)<\/p>\n<p>Sucr\u00e9 : banane &#8211; chocolat\u00a0\u00a0\u00a0\u00a0\u00a0\u00a0 et\u00a0\u00a0\u00a0\u00a0\u00a0 Sal\u00e9 : tartiflette (jambon &#8211; reblochon) et chorizo &#8211; fromage<\/p>\n<p>Sal\u00e9 :<\/p>\n<p>2. Nuggets de dinde. La dinde sera d\u00e9j\u00e0 d\u00e9coup\u00e9e, il faudra ensuite la \u00ab\u00a0tremper\u00a0\u00bb dans diff\u00e9rents ingr\u00e9dients avant de la passer au four (id\u00e9al pour les plus petits)<\/p>\n<p>3. Croissants jambon fromage (Tout est \u00e0 faire, sauf la cuisson)<\/p>\n<p>4. Damier de pains surprises (tartinage de choses diverses et vari\u00e9es sur du pain de mie\u00a0color\u00e9, pr\u00e9sent\u00e9 en quinconce)<\/p>\n<p>Sucr\u00e9 :<\/p>\n<p>5. Mini fondants au chocolat (Tout est \u00e0 faire, sauf la cuisson)<\/p>\n<p>6. Mini cr\u00eapes sucr\u00e9es (chocolat,\u00a0confiture) pli\u00e9es en 4 avec indication du parfum sur chaque cr\u00eape (les enfants \u00e9criront). Les enfants pr\u00e9parent la p\u00e2te et les cr\u00eapes sont cuites avec l&rsquo;aide des parents de l&rsquo;atelier directement sur la cr\u00eape party.<\/p>\n<p>7. Cookies (Tout est \u00e0 faire, sauf la cuisson)<\/p>\n<p><span style=\"font-size: 1rem;\">Bonne journ\u00e9e et \u00e0 bient\u00f4t.<\/span><\/p>\n","protected":false},"excerpt":{"rendered":"<p>Bonjour \u00e0 tous, La journ\u00e9e des petits chefs a \u00e9t\u00e9 un tr\u00e8s bon moment, qui a permis de nous rencontrer dans un cadre festif et convivial. Merci \u00e0 tous pour votre participation, et en particulier \u00e0 tous ceux qui nous ont apport\u00e9 leur aide. Voici les recettes que les enfants ont pu tester. 7 ateliers &hellip; <a href=\"https:\/\/apelacolline.fr\/index.php\/2017\/10\/31\/2eme-article\/\" class=\"more-link\">Continuer la lecture<span class=\"screen-reader-text\"> de &laquo;&nbsp;La journ\u00e9e des petits chefs s&rsquo;est tr\u00e8s bien pass\u00e9e !&nbsp;&raquo;<\/span><\/a><\/p>\n","protected":false},"author":1,"featured_media":0,"comment_status":"open","ping_status":"open","sticky":false,"template":"","format":"standard","meta":{"footnotes":""},"categories":[1],"tags":[],"class_list":["post-44","post","type-post","status-publish","format-standard","hentry","category-non-classe"],"_links":{"self":[{"href":"https:\/\/apelacolline.fr\/index.php\/wp-json\/wp\/v2\/posts\/44","targetHints":{"allow":["GET"]}}],"collection":[{"href":"https:\/\/apelacolline.fr\/index.php\/wp-json\/wp\/v2\/posts"}],"about":[{"href":"https:\/\/apelacolline.fr\/index.php\/wp-json\/wp\/v2\/types\/post"}],"author":[{"embeddable":true,"href":"https:\/\/apelacolline.fr\/index.php\/wp-json\/wp\/v2\/users\/1"}],"replies":[{"embeddable":true,"href":"https:\/\/apelacolline.fr\/index.php\/wp-json\/wp\/v2\/comments?post=44"}],"version-history":[{"count":4,"href":"https:\/\/apelacolline.fr\/index.php\/wp-json\/wp\/v2\/posts\/44\/revisions"}],"predecessor-version":[{"id":63,"href":"https:\/\/apelacolline.fr\/index.php\/wp-json\/wp\/v2\/posts\/44\/revisions\/63"}],"wp:attachment":[{"href":"https:\/\/apelacolline.fr\/index.php\/wp-json\/wp\/v2\/media?parent=44"}],"wp:term":[{"taxonomy":"category","embeddable":true,"href":"https:\/\/apelacolline.fr\/index.php\/wp-json\/wp\/v2\/categories?post=44"},{"taxonomy":"post_tag","embeddable":true,"href":"https:\/\/apelacolline.fr\/index.php\/wp-json\/wp\/v2\/tags?post=44"}],"curies":[{"name":"wp","href":"https:\/\/api.w.org\/{rel}","templated":true}]}}