{"id":128,"date":"2018-03-01T14:08:50","date_gmt":"2018-03-01T13:08:50","guid":{"rendered":"http:\/\/apelacolline.fr\/?p=128"},"modified":"2018-03-12T08:51:55","modified_gmt":"2018-03-12T07:51:55","slug":"une-date-vous-le-vide-grenier-2018","status":"publish","type":"post","link":"https:\/\/apelacolline.fr\/index.php\/2018\/03\/01\/une-date-vous-le-vide-grenier-2018\/","title":{"rendered":"Une date pour le vide grenier 2018."},"content":{"rendered":"<p>Le vide grenier est fix\u00e9 cette ann\u00e9e au dimanche 3 juin et les r\u00e9servations sont d\u00e9sormais ouvertes : tous les renseignements aupr\u00e8s de Fanny au 06 74 76 00 33 ou par mail <a href=\"mailto:apelacolline@gmail.com\">apelacolline@gmail.com<\/a>.<\/p>\n<p>Vous pouvez <a href=\"https:\/\/apelacolline.fr\/wp-content\/uploads\/2018\/03\/Inscription_VG_2018.pdf\">t\u00e9l\u00e9charger ici la feuille d&rsquo;inscription<\/a>\u00a0ainsi que <a href=\"https:\/\/apelacolline.fr\/wp-content\/uploads\/2018\/03\/Reglement_VG_2018.pdf\">le r\u00e8glement<\/a>.<\/p>\n<p>A bient\u00f4t.<\/p>\n<div><img loading=\"lazy\" decoding=\"async\" class=\"alignnone size-full wp-image-142\" src=\"https:\/\/apelacolline.fr\/wp-content\/uploads\/2018\/03\/Affiche-VG-2018.png\" alt=\"\" width=\"384\" height=\"561\" srcset=\"https:\/\/apelacolline.fr\/wp-content\/uploads\/2018\/03\/Affiche-VG-2018.png 384w, https:\/\/apelacolline.fr\/wp-content\/uploads\/2018\/03\/Affiche-VG-2018-205x300.png 205w\" sizes=\"auto, (max-width: 384px) 85vw, 384px\" \/><\/div>\n","protected":false},"excerpt":{"rendered":"<p>Le vide grenier est fix\u00e9 cette ann\u00e9e au dimanche 3 juin et les r\u00e9servations sont d\u00e9sormais ouvertes : tous les renseignements aupr\u00e8s de Fanny au 06 74 76 00 33 ou par mail apelacolline@gmail.com. Vous pouvez t\u00e9l\u00e9charger ici la feuille d&rsquo;inscription\u00a0ainsi que le r\u00e8glement. A bient\u00f4t.<\/p>\n","protected":false},"author":1,"featured_media":0,"comment_status":"open","ping_status":"open","sticky":false,"template":"","format":"standard","meta":{"footnotes":""},"categories":[1],"tags":[],"class_list":["post-128","post","type-post","status-publish","format-standard","hentry","category-non-classe"],"_links":{"self":[{"href":"https:\/\/apelacolline.fr\/index.php\/wp-json\/wp\/v2\/posts\/128","targetHints":{"allow":["GET"]}}],"collection":[{"href":"https:\/\/apelacolline.fr\/index.php\/wp-json\/wp\/v2\/posts"}],"about":[{"href":"https:\/\/apelacolline.fr\/index.php\/wp-json\/wp\/v2\/types\/post"}],"author":[{"embeddable":true,"href":"https:\/\/apelacolline.fr\/index.php\/wp-json\/wp\/v2\/users\/1"}],"replies":[{"embeddable":true,"href":"https:\/\/apelacolline.fr\/index.php\/wp-json\/wp\/v2\/comments?post=128"}],"version-history":[{"count":7,"href":"https:\/\/apelacolline.fr\/index.php\/wp-json\/wp\/v2\/posts\/128\/revisions"}],"predecessor-version":[{"id":150,"href":"https:\/\/apelacolline.fr\/index.php\/wp-json\/wp\/v2\/posts\/128\/revisions\/150"}],"wp:attachment":[{"href":"https:\/\/apelacolline.fr\/index.php\/wp-json\/wp\/v2\/media?parent=128"}],"wp:term":[{"taxonomy":"category","embeddable":true,"href":"https:\/\/apelacolline.fr\/index.php\/wp-json\/wp\/v2\/categories?post=128"},{"taxonomy":"post_tag","embeddable":true,"href":"https:\/\/apelacolline.fr\/index.php\/wp-json\/wp\/v2\/tags?post=128"}],"curies":[{"name":"wp","href":"https:\/\/api.w.org\/{rel}","templated":true}]}}