{"id":107,"date":"2018-01-19T17:18:51","date_gmt":"2018-01-19T16:18:51","guid":{"rendered":"http:\/\/apelacolline.fr\/?p=107"},"modified":"2018-01-19T17:20:21","modified_gmt":"2018-01-19T16:20:21","slug":"le-pere-noel-2017","status":"publish","type":"post","link":"https:\/\/apelacolline.fr\/index.php\/2018\/01\/19\/le-pere-noel-2017\/","title":{"rendered":"Le P\u00e8re No\u00ebl 2017"},"content":{"rendered":"<p>Le P\u00e8re No\u00ebl est bien pass\u00e9 cette ann\u00e9e \u00e0 l&rsquo;\u00e9cole d&rsquo;Esery. Les enfants et maitresses ont \u00e9t\u00e9 g\u00e2t\u00e9s. Vous pouvez retrouver <a href=\"https:\/\/apelacolline.fr\/index.php\/galerie-du-pere-noel\/\">ici<\/a> la galerie photo de l&rsquo;\u00e9v\u00e8nement.<\/p>\n<p>Les maitresses ont eu le jeu \u00ab\u00a0Yotobo\u00a0\u00bb pour les plus petits, un tapis lecture des continentes pour les CP\/Ce1, \u00a0et un grand livre pour pr\u00e9parer la classe verte en Vanoise.<\/p>\n<p>Nous avons \u00e9galement sponsoris\u00e9 selon les niveaux la sortie cin\u00e9ma \u00ab Belle et S\u00e9bastien 2\u00a0\u00bb ainsi qu&rsquo;une sortie au mus\u00e9e d\u2019Arts et d\u2019Histoire de Gen\u00e8ve.<\/p>\n<p>Enfin des cl\u00e9mentines et papillotes ont faire fr\u00e9mir toutes les papilles !<\/p>\n<p>&nbsp;<\/p>\n","protected":false},"excerpt":{"rendered":"<p>Le P\u00e8re No\u00ebl est bien pass\u00e9 cette ann\u00e9e \u00e0 l&rsquo;\u00e9cole d&rsquo;Esery. Les enfants et maitresses ont \u00e9t\u00e9 g\u00e2t\u00e9s. Vous pouvez retrouver ici la galerie photo de l&rsquo;\u00e9v\u00e8nement. Les maitresses ont eu le jeu \u00ab\u00a0Yotobo\u00a0\u00bb pour les plus petits, un tapis lecture des continentes pour les CP\/Ce1, \u00a0et un grand livre pour pr\u00e9parer la classe verte &hellip; <a href=\"https:\/\/apelacolline.fr\/index.php\/2018\/01\/19\/le-pere-noel-2017\/\" class=\"more-link\">Continuer la lecture<span class=\"screen-reader-text\"> de &laquo;&nbsp;Le P\u00e8re No\u00ebl 2017&nbsp;&raquo;<\/span><\/a><\/p>\n","protected":false},"author":1,"featured_media":0,"comment_status":"open","ping_status":"open","sticky":false,"template":"","format":"standard","meta":{"footnotes":""},"categories":[1],"tags":[],"class_list":["post-107","post","type-post","status-publish","format-standard","hentry","category-non-classe"],"_links":{"self":[{"href":"https:\/\/apelacolline.fr\/index.php\/wp-json\/wp\/v2\/posts\/107","targetHints":{"allow":["GET"]}}],"collection":[{"href":"https:\/\/apelacolline.fr\/index.php\/wp-json\/wp\/v2\/posts"}],"about":[{"href":"https:\/\/apelacolline.fr\/index.php\/wp-json\/wp\/v2\/types\/post"}],"author":[{"embeddable":true,"href":"https:\/\/apelacolline.fr\/index.php\/wp-json\/wp\/v2\/users\/1"}],"replies":[{"embeddable":true,"href":"https:\/\/apelacolline.fr\/index.php\/wp-json\/wp\/v2\/comments?post=107"}],"version-history":[{"count":3,"href":"https:\/\/apelacolline.fr\/index.php\/wp-json\/wp\/v2\/posts\/107\/revisions"}],"predecessor-version":[{"id":118,"href":"https:\/\/apelacolline.fr\/index.php\/wp-json\/wp\/v2\/posts\/107\/revisions\/118"}],"wp:attachment":[{"href":"https:\/\/apelacolline.fr\/index.php\/wp-json\/wp\/v2\/media?parent=107"}],"wp:term":[{"taxonomy":"category","embeddable":true,"href":"https:\/\/apelacolline.fr\/index.php\/wp-json\/wp\/v2\/categories?post=107"},{"taxonomy":"post_tag","embeddable":true,"href":"https:\/\/apelacolline.fr\/index.php\/wp-json\/wp\/v2\/tags?post=107"}],"curies":[{"name":"wp","href":"https:\/\/api.w.org\/{rel}","templated":true}]}}